{"id":7208,"date":"2023-06-07T11:20:00","date_gmt":"2023-06-07T09:20:00","guid":{"rendered":"https:\/\/oushi.upol.cz\/?p=7208"},"modified":"2023-11-13T08:37:54","modified_gmt":"2023-11-13T07:37:54","slug":"vycvik-v-integrativni-psychoterapii-mimoradne-dobirame-zajemce","status":"publish","type":"post","link":"https:\/\/oushi.upol.cz\/en\/2023\/06\/07\/vycvik-v-integrativni-psychoterapii-mimoradne-dobirame-zajemce\/","title":{"rendered":"V\u00fdcvik v\u00a0integrativn\u00ed psychoterapii. Mimo\u0159\u00e1dn\u011b dob\u00edr\u00e1me z\u00e1jemce &#8211; mu\u017ee"},"content":{"rendered":"\n<h1 class=\"wp-block-heading\"><b>V\u00fdcvik v&nbsp;integrativn\u00ed psychoterapii. Mimo\u0159\u00e1dn\u011b dob\u00edr\u00e1me z\u00e1jemce &#8211; mu\u017ee<\/b><style>\/*! elementor - v3.16.0 - 20-09-2023 *\/&amp;lt;br \/> .elementor-widget-image{text-align:center}.elementor-widget-image a{display:inline-block}.elementor-widget-image a img[src$=\".svg\"]{width:48px}.elementor-widget-image img{vertical-align:middle;display:inline-block}<\/style><\/h1>\n\n\n\n<div class=\"wp-block-cover is-light\"><span aria-hidden=\"true\" class=\"wp-block-cover__background has-background-dim\"><\/span><img decoding=\"async\" class=\"wp-block-cover__image-background\" alt=\"\" src=\"https:\/\/oushi.upol.cz\/wp-content\/uploads\/2023\/06\/muz-1-obdelnik-1.png\" data-object-fit=\"cover\"\/><div class=\"wp-block-cover__inner-container is-layout-flow wp-block-cover-is-layout-flow\">\n<p class=\"has-text-align-center has-large-font-size\"><\/p>\n<\/div><\/div>\n\n\n\n<p><\/p>\n\n\n\n<p>A\u017e do \u010dtvrtku 16. listopadu 2023 m\u016f\u017eete podat p\u0159ihl\u00e1\u0161ku k v\u00fdcviku v <a href=\"https:\/\/integrativnivycvik.cz\/\" target=\"_blank\" rel=\"noopener\" title=\"\">Integrativn\u00ed psychoterapii<\/a>. Mimo\u0159\u00e1dn\u011b dob\u00edr\u00e1me z\u00e1jemce o tento atraktivn\u00ed dlouhodob\u00fd kurz z&nbsp;\u0159ad mu\u017e\u016f. Z&nbsp;d\u016fvodu, aby na\u0161e v\u00fdcvikov\u00e1 skupina byla co mo\u017en\u00e1 nejv\u00edce genderov\u011b vyv\u00e1\u017een\u00e1, otev\u0159eli jsme toto mimo\u0159\u00e1dn\u00e9 dvout\u00fddenn\u00ed okno, kdy dob\u00edr\u00e1me mu\u017ee se z\u00e1jmem o budouc\u00ed pr\u00e1ci terapeuta. Ale tak\u00e9 ty, kte\u0159\u00ed cht\u011bj\u00ed &#8222;jen&#8220; zapracovat sami na sob\u011b.<\/p>\n\n\n\n<div class=\"wp-block-buttons is-content-justification-center is-layout-flex wp-container-core-buttons-is-layout-a89b3969 wp-block-buttons-is-layout-flex\">\n<div class=\"wp-block-button\"><a class=\"wp-block-button__link\" href=\"https:\/\/www.cmtf.upol.cz\/nc\/kontakty\/vizitka\/empid\/80042622\/\" target=\"_blank\" rel=\"noreferrer noopener\">kontaktujte n\u00e1s<\/a><\/div>\n<\/div>\n\n\n\n<p><\/p>\n\n\n\n<h3 class=\"wp-block-heading\"><strong>V\u00fdcvik v integrativn\u00ed psychoterapii<\/strong><\/h3>\n\n\n\n<p>Posouvejte sv\u00e9 hranice.<br>P\u0159ipravte se dokonale na pr\u00e1ci terapeuta.<br>Zapracujte sami na sob\u011b.<br>Sta\u0148te se expertem v oblasti psychoterapie a psychosomatiky.<br>P\u0159ipravili jsme pro v\u00e1s certifikovan\u00fd V\u00fdcvik v integrativn\u00ed psychoterapii.<\/p>\n\n\n\n<hr class=\"wp-block-separator has-alpha-channel-opacity is-style-dots\"\/>\n\n\n\n<h3 class=\"wp-block-heading\"><b>Podcast: O na\u0161em psychoterapeutick\u00e9m v\u00fdcviku s&nbsp;Peterem Tavelem<\/b><\/h3>\n\n\n\n<ul class=\"wp-block-list\"><li>V \u010dem je v\u00fdcvik v integrativn\u00ed psychoterapii jedine\u010dn\u00fd?<\/li><li>Pro\u010d je dobr\u00e9 si v\u00fdcvikem proj\u00edt a jak velk\u00fd je o n\u011bj z\u00e1jem?<\/li><li>Koho najdete v&nbsp;lektorsk\u00e9m t\u00fdmu a co jednotliv\u00e9 osobnosti spojuje?<\/li><\/ul>\n\n\n\n<figure class=\"wp-block-image is-resized\"><img fetchpriority=\"high\" decoding=\"async\" src=\"https:\/\/oushi.upol.cz\/wp-content\/uploads\/2023\/06\/Peter-Tavel-1024x1024.jpg\" alt=\"\" class=\"wp-image-7445\" width=\"242\" height=\"242\" srcset=\"https:\/\/oushi.upol.cz\/wp-content\/uploads\/2023\/06\/Peter-Tavel-1024x1024.jpg 1024w, https:\/\/oushi.upol.cz\/wp-content\/uploads\/2023\/06\/Peter-Tavel-300x300.jpg 300w, https:\/\/oushi.upol.cz\/wp-content\/uploads\/2023\/06\/Peter-Tavel-150x150.jpg 150w, https:\/\/oushi.upol.cz\/wp-content\/uploads\/2023\/06\/Peter-Tavel-768x768.jpg 768w, https:\/\/oushi.upol.cz\/wp-content\/uploads\/2023\/06\/Peter-Tavel-1536x1536.jpg 1536w, https:\/\/oushi.upol.cz\/wp-content\/uploads\/2023\/06\/Peter-Tavel.jpg 2048w, https:\/\/oushi.upol.cz\/wp-content\/uploads\/2023\/06\/Peter-Tavel-12x12.jpg 12w\" sizes=\"(max-width: 242px) 100vw, 242px\" \/><\/figure>\n\n\n\n<p><\/p>\n\n\n\n<h2 class=\"wp-block-heading\">\ud83c\udfa7 \u23ef<\/h2>\n\n\n\n<p><strong><em>Vyberte si platformu k p\u0159ehr\u00e1n\u00ed:<\/em><\/strong><br><strong><a href=\"https:\/\/rb.gy\/xbasub\" target=\"_blank\" rel=\"noreferrer noopener\">Apple podcasts<\/a><br><a href=\"https:\/\/rb.gy\/jfqlzo\" target=\"_blank\" rel=\"noopener\" title=\"\">Spotify<\/a><\/strong><\/p>\n\n\n\n<hr class=\"wp-block-separator has-alpha-channel-opacity is-style-dots\"\/>\n\n\n\n<h3 class=\"wp-block-heading\"><b>O v\u00fdcviku v&nbsp;integrativn\u00ed <\/b>psychoterapii<\/h3>\n\n\n\n<p>Co je integrativn\u00ed psychoterapie? Integrace v psychoterapii respektuje rozmanitost klient\u016f, jejich jedine\u010dnost a komplexn\u00ed pot\u0159eby. Stejn\u011b tak d\u00e1v\u00e1 terapeutovi mo\u017enost za\u010dlenit do vlastn\u00edho terapeutick\u00e9ho p\u0159\u00edstupu prvky r\u016fzn\u00fdch sm\u011br\u016f zp\u016fsobem, kter\u00fd zohled\u0148uje jedine\u010dnost i jeho samotn\u00e9ho.<\/p>\n\n\n\n<p>Na\u0161i lekto\u0159i v\u00e1s povedou k tomu, abyste vych\u00e1zeli z jedn\u00e9 nebo dvou hlavn\u00edch teoretick\u00fdch orientac\u00ed, p\u0159ib\u00edrali k nim dal\u0161\u00ed techniky a za\u010dle\u0148ovali je do sv\u00e9ho p\u0159\u00edstupu tak, aby byl terapeutick\u00fd postup pro va\u0161eho klienta co neju\u017eite\u010dn\u011bj\u0161\u00ed.<\/p>\n\n\n\n<div class=\"wp-block-buttons is-content-justification-center is-layout-flex wp-container-core-buttons-is-layout-a89b3969 wp-block-buttons-is-layout-flex\">\n<div class=\"wp-block-button\"><a class=\"wp-block-button__link\" href=\"https:\/\/integrativnivycvik.cz\/o-vycviku\/?utm_source=Web_OUSHI&amp;utm_medium=Aktualita&amp;utm_campaign=o-vycviku%20\" target=\"_blank\" rel=\"noreferrer noopener\">V\u00edce o v\u00fdcviku<\/a><\/div>\n<\/div>\n\n\n\n<p><\/p>\n\n\n\n<hr class=\"wp-block-separator has-alpha-channel-opacity is-style-dots\"\/>\n\n\n\n<h3 class=\"wp-block-heading\">M\u00e1te o v\u00fdcvik v\u00e1\u017en\u00fd z\u00e1jem?<\/h3>\n\n\n\n<p>Napi\u0161te nebo zavolejte na\u0161\u00ed kolegyni Edit\u011b Luk\u00e1\u0161ov\u00e9.<br>T: 585&nbsp;637&nbsp;174<br>E: <a href=\"mailto:edita.lukasova@upol.cz\">edita.lukasova@upol.cz<\/a><\/p>\n\n\n\n<ul class=\"wp-block-list\"><li>Sledujte n\u00e1s na <a href=\"https:\/\/www.facebook.com\/www.oushi.upol.cz\">facebooku<\/a> Institutu soci\u00e1ln\u00edho zdrav\u00ed Univerzity Palack\u00e9ho.<\/li><li>Pod\u00edvejte se na dal\u0161\u00ed <a href=\"https:\/\/oushi.upol.cz\/aktuality-2\/\" target=\"_blank\" rel=\"noopener\" title=\"na\u0161e aktuality\">na\u0161e aktuality<\/a>.<\/li><\/ul>\n","protected":false},"excerpt":{"rendered":"<p>V\u00fdcvik v&nbsp;integrativn\u00ed psychoterapii. Mimo\u0159\u00e1dn\u011b dob\u00edr\u00e1me z\u00e1jemce &#8211; mu\u017ee A\u017e do \u010dtvrtku 16. listopadu 2023 m\u016f\u017eete podat p\u0159ihl\u00e1\u0161ku k v\u00fdcviku v Integrativn\u00ed psychoterapii. Mimo\u0159\u00e1dn\u011b dob\u00edr\u00e1me z\u00e1jemce o tento atraktivn\u00ed dlouhodob\u00fd kurz z&nbsp;\u0159ad mu\u017e\u016f. Z&nbsp;d\u016fvodu, aby na\u0161e v\u00fdcvikov\u00e1 skupina byla co mo\u017en\u00e1 nejv\u00edce genderov\u011b vyv\u00e1\u017een\u00e1, otev\u0159eli jsme toto mimo\u0159\u00e1dn\u00e9 dvout\u00fddenn\u00ed okno, kdy dob\u00edr\u00e1me mu\u017ee se z\u00e1jmem o &hellip;<\/p>\n<p class=\"read-more\"> <a class=\"\" href=\"https:\/\/oushi.upol.cz\/en\/2023\/06\/07\/vycvik-v-integrativni-psychoterapii-mimoradne-dobirame-zajemce\/\"> <span class=\"screen-reader-text\">V\u00fdcvik v\u00a0integrativn\u00ed psychoterapii. Mimo\u0159\u00e1dn\u011b dob\u00edr\u00e1me z\u00e1jemce &#8211; mu\u017ee<\/span> Read More &raquo;<\/a><\/p>","protected":false},"author":3,"featured_media":0,"comment_status":"open","ping_status":"open","sticky":false,"template":"","format":"standard","meta":{"site-sidebar-layout":"default","site-content-layout":"default","ast-global-header-display":"","ast-main-header-display":"","ast-hfb-above-header-display":"","ast-hfb-below-header-display":"","ast-hfb-mobile-header-display":"","site-post-title":"disabled","ast-breadcrumbs-content":"","ast-featured-img":"","footer-sml-layout":"","theme-transparent-header-meta":"","adv-header-id-meta":"","stick-header-meta":"","header-above-stick-meta":"","header-main-stick-meta":"","header-below-stick-meta":"","footnotes":""},"categories":[1],"tags":[],"class_list":["post-7208","post","type-post","status-publish","format-standard","hentry","category-nezarazene"],"aioseo_notices":[],"_links":{"self":[{"href":"https:\/\/oushi.upol.cz\/en\/wp-json\/wp\/v2\/posts\/7208","targetHints":{"allow":["GET"]}}],"collection":[{"href":"https:\/\/oushi.upol.cz\/en\/wp-json\/wp\/v2\/posts"}],"about":[{"href":"https:\/\/oushi.upol.cz\/en\/wp-json\/wp\/v2\/types\/post"}],"author":[{"embeddable":true,"href":"https:\/\/oushi.upol.cz\/en\/wp-json\/wp\/v2\/users\/3"}],"replies":[{"embeddable":true,"href":"https:\/\/oushi.upol.cz\/en\/wp-json\/wp\/v2\/comments?post=7208"}],"version-history":[{"count":31,"href":"https:\/\/oushi.upol.cz\/en\/wp-json\/wp\/v2\/posts\/7208\/revisions"}],"predecessor-version":[{"id":7458,"href":"https:\/\/oushi.upol.cz\/en\/wp-json\/wp\/v2\/posts\/7208\/revisions\/7458"}],"wp:attachment":[{"href":"https:\/\/oushi.upol.cz\/en\/wp-json\/wp\/v2\/media?parent=7208"}],"wp:term":[{"taxonomy":"category","embeddable":true,"href":"https:\/\/oushi.upol.cz\/en\/wp-json\/wp\/v2\/categories?post=7208"},{"taxonomy":"post_tag","embeddable":true,"href":"https:\/\/oushi.upol.cz\/en\/wp-json\/wp\/v2\/tags?post=7208"}],"curies":[{"name":"wp","href":"https:\/\/api.w.org\/{rel}","templated":true}]}}